{"id":3477,"date":"2026-04-02T14:07:33","date_gmt":"2026-04-02T14:07:33","guid":{"rendered":"https:\/\/klangkunst.co\/?p=3477"},"modified":"2026-04-02T14:24:59","modified_gmt":"2026-04-02T14:24:59","slug":"operatic-reveries","status":"publish","type":"post","link":"https:\/\/klangkunst.co\/th\/blog\/2026\/04\/02\/operatic-reveries\/","title":{"rendered":"Operatic Reveries"},"content":{"rendered":"<p class=\"has-text-align-center\"><strong>2 \u0e1e\u0e24\u0e29\u0e20\u0e32\u0e04\u0e21 2569<\/strong><\/p>\n\n\n\n<p class=\"has-text-align-center\">19.00<\/p>\n\n\n\n<p class=\"has-text-align-center\"><\/p>\n\n\n\n<p><\/p>\n\n\n\n<p class=\"has-text-align-center\">\u0e0a\u0e31\u0e49\u0e19 3, Main Showroom, Peterson Sukhumvit 26<\/p>\n\n\n\n<p class=\"has-text-align-center\"><a href=\"https:\/\/maps.app.goo.gl\/1hj4BXUXKE3FcfqP9\">https:\/\/maps.app.goo.gl\/1hj4BXUXKE3FcfqP9<\/a><\/p>\n\n\n\n<p><\/p>\n\n\n\n<p class=\"has-text-align-center\"><strong>\u0e1a\u0e31\u0e15\u0e23\u0e40\u0e02\u0e49\u0e32\u0e0a\u0e21<\/strong><\/p>\n\n\n\n<p class=\"has-text-align-center\">\u0e1a\u0e38\u0e04\u0e04\u0e25\u0e17\u0e31\u0e48\u0e27\u0e44\u0e1b 800 \u0e1a\u0e32\u0e17\/ \u0e19\u0e31\u0e01\u0e40\u0e23\u0e35\u0e22\u0e19 \u0e19\u0e31\u0e01\u0e28\u0e36\u0e01\u0e29\u0e32 350 \u0e1a\u0e32\u0e17<\/p>\n\n\n\n<p><\/p>\n\n\n\n<p><\/p>\n\n\n\n<p class=\"has-text-align-center\"><strong>\u0e2a\u0e32\u0e21\u0e32\u0e23\u0e16\u0e2a\u0e33\u0e23\u0e2d\u0e07\u0e17\u0e35\u0e48\u0e19\u0e31\u0e48\u0e07\u0e44\u0e14\u0e49\u0e17\u0e35\u0e48&nbsp;<\/strong><\/p>\n\n\n\n<p class=\"has-text-align-center\"><a href=\"mailto:info.klangkunst@gmail.com\">info.klangkunst@gmail.com<\/a> \u0e2b\u0e23\u0e37\u0e2d <a href=\"https:\/\/lin.ee\/cx7AqzU?fbclid=IwAR1JNWGW-e4sLG8usKeXgPz4WSUOLEYQDZUo2F4dLIdo4HuKGoRKvJRZVd0\">https:\/\/lin.ee\/cx7AqzU<\/a><\/p>\n\n\n\n<p class=\"has-text-align-left\">\"\u0e40\u0e21\u0e37\u0e48\u0e2d\u0e42\u0e2d\u0e40\u0e1b\u0e23\u0e48\u0e32\u0e44\u0e21\u0e48\u0e08\u0e33\u0e40\u0e1b\u0e47\u0e19\u0e15\u0e49\u0e2d\u0e07\u0e2d\u0e22\u0e39\u0e48\u0e41\u0e15\u0e48\u0e1a\u0e19\u0e40\u0e27\u0e17\u0e35\" <\/p>\n\n\n\n<p class=\"has-text-align-left\">Operatic Reveries \u0e19\u0e33\u0e1a\u0e17\u0e40\u0e1e\u0e25\u0e07\u0e42\u0e2d\u0e40\u0e1b\u0e23\u0e48\u0e32\u0e2d\u0e31\u0e19\u0e40\u0e1b\u0e47\u0e19\u0e17\u0e35\u0e48\u0e23\u0e31\u0e01\u0e02\u0e2d\u0e07\u0e43\u0e04\u0e23\u0e2b\u0e25\u0e32\u0e22\u0e04\u0e19 \u0e21\u0e32\u0e16\u0e48\u0e32\u0e22\u0e17\u0e2d\u0e14\u0e43\u0e2b\u0e21\u0e48\u0e43\u0e19\u0e23\u0e39\u0e1b\u0e41\u0e1a\u0e1a\u0e41\u0e1f\u0e19\u0e15\u0e32\u0e0b\u0e35\u0e2d\u0e31\u0e19\u0e25\u0e30\u0e40\u0e2d\u0e35\u0e22\u0e14\u0e2d\u0e48\u0e2d\u0e19 \u0e2a\u0e33\u0e2b\u0e23\u0e31\u0e1a\u0e1f\u0e25\u0e39\u0e15\u0e41\u0e25\u0e30\u0e40\u0e1b\u0e35\u0e22\u0e42\u0e19 \u0e17\u0e35\u0e48\u0e17\u0e38\u0e01\u0e17\u0e48\u0e27\u0e07\u0e17\u0e33\u0e19\u0e2d\u0e07\u0e40\u0e2b\u0e21\u0e37\u0e2d\u0e19\u0e40\u0e2a\u0e35\u0e22\u0e07\u0e2a\u0e30\u0e17\u0e49\u0e2d\u0e19\u0e02\u0e2d\u0e07\u0e04\u0e27\u0e32\u0e21\u0e17\u0e23\u0e07\u0e08\u0e33 \u0e40\u0e25\u0e48\u0e32\u0e40\u0e23\u0e37\u0e48\u0e2d\u0e07\u0e23\u0e32\u0e27\u0e21\u0e32\u0e01\u0e21\u0e32\u0e22<\/p>\n\n\n\n<p class=\"has-text-align-left\"> \u0e44\u0e21\u0e48\u0e27\u0e48\u0e32\u0e08\u0e30\u0e40\u0e1b\u0e47\u0e19\u0e40\u0e23\u0e37\u0e48\u0e2d\u0e07\u0e02\u0e2d\u0e07\u0e2b\u0e0d\u0e34\u0e07\u0e2a\u0e32\u0e27\u0e17\u0e35\u0e48\u0e40\u0e1d\u0e49\u0e32\u0e23\u0e2d\u0e04\u0e19\u0e23\u0e31\u0e01\u2026\u0e01\u0e48\u0e2d\u0e19\u0e17\u0e35\u0e48\u0e2b\u0e31\u0e27\u0e43\u0e08\u0e08\u0e30\u0e16\u0e39\u0e01\u0e17\u0e33\u0e43\u0e2b\u0e49\u0e41\u0e15\u0e01\u0e2a\u0e25\u0e32\u0e22\u0e08\u0e32\u0e01\u0e42\u0e2d\u0e40\u0e1b\u0e23\u0e48\u0e32 <strong>Madama Butterfly<\/strong>. <br>\u0e2b\u0e23\u0e37\u0e2d\u0e40\u0e23\u0e37\u0e48\u0e2d\u0e07\u0e02\u0e2d\u0e07\u0e04\u0e27\u0e32\u0e21\u0e2b\u0e25\u0e07\u0e43\u0e2b\u0e25\u0e17\u0e35\u0e48\u0e25\u0e38\u0e01\u0e42\u0e0a\u0e19\u0e08\u0e19\u0e21\u0e2d\u0e14\u0e44\u0e2b\u0e21\u0e49\u0e2d\u0e22\u0e48\u0e32\u0e07\u0e43\u0e19 <strong>La Boh\u00e8me<\/strong>. <br>\u0e44\u0e1b\u0e08\u0e19\u0e16\u0e36\u0e07\u0e01\u0e32\u0e23\u0e17\u0e33\u0e1e\u0e31\u0e19\u0e18\u0e2a\u0e31\u0e0d\u0e0d\u0e32\u0e01\u0e31\u0e1a\u0e04\u0e27\u0e32\u0e21\u0e21\u0e37\u0e14\u0e17\u0e35\u0e48\u0e44\u0e21\u0e48\u0e2d\u0e32\u0e08\u0e2b\u0e27\u0e19\u0e04\u0e37\u0e19\u0e43\u0e19 <strong>Der Freisch\u00fctz<\/strong>. <br>\u0e41\u0e25\u0e30\u0e04\u0e33\u0e2a\u0e32\u0e1b\u0e17\u0e35\u0e48\u0e40\u0e1b\u0e25\u0e35\u0e48\u0e22\u0e19\u0e04\u0e27\u0e32\u0e21\u0e23\u0e31\u0e01\u0e43\u0e2b\u0e49\u0e01\u0e25\u0e32\u0e22\u0e40\u0e1b\u0e47\u0e19\u0e01\u0e32\u0e23\u0e25\u0e49\u0e32\u0e07\u0e41\u0e04\u0e49\u0e19\u0e2d\u0e22\u0e48\u0e32\u0e07\u0e43\u0e19 <strong>Rigoletto<\/strong>. <\/p>\n\n\n\n<p class=\"has-text-align-left\">\u0e21\u0e32\u0e23\u0e48\u0e27\u0e21\u0e2d\u0e2d\u0e01\u0e40\u0e14\u0e34\u0e19\u0e17\u0e32\u0e07\u0e2d\u0e35\u0e01\u0e04\u0e23\u0e31\u0e49\u0e07\u0e01\u0e31\u0e1a\u0e40\u0e23\u0e37\u0e48\u0e2d\u0e07\u0e23\u0e32\u0e27\u0e40\u0e2b\u0e19\u0e37\u0e2d\u0e01\u0e32\u0e25\u0e40\u0e27\u0e25\u0e32 \u0e43\u0e19\u0e40\u0e2a\u0e35\u0e22\u0e07\u0e14\u0e19\u0e15\u0e23\u0e35\u0e23\u0e39\u0e1b\u0e41\u0e1a\u0e1a\u0e43\u0e2b\u0e21\u0e48<\/p>\n\n\n\n<hr class=\"wp-block-separator has-text-color has-cyan-bluish-gray-color has-alpha-channel-opacity has-cyan-bluish-gray-background-color has-background is-style-wide\"\/>\n\n\n\n<p class=\"has-text-align-center\" style=\"font-size:23px\"><strong>\u0e23\u0e32\u0e22\u0e01\u0e32\u0e23\u0e41\u0e2a\u0e14\u0e07<\/strong><\/p>\n\n\n\n<p class=\"has-text-align-center\"><strong>Jean-Christophe Maltot&nbsp;<\/strong><\/p>\n\n\n\n<p class=\"has-text-align-center\"><strong><em>Fantaisie on themes from the opera &#8220;Madame Butterfly&#8221; by Giacomo Puccini<\/em><\/strong><\/p>\n\n\n\n<div style=\"height:43px\" aria-hidden=\"true\" class=\"wp-block-spacer\"><\/div>\n\n\n\n<p class=\"has-text-align-center\"><strong><strong><strong>Jean-Christophe Maltot<\/strong><\/strong>&nbsp;&nbsp;<\/strong><\/p>\n\n\n\n<p class=\"has-text-align-center\"><strong><span><i><strong><em><strong><em>Fantaisie on themes from the opera &#8220;<strong>La Boh\u00e8me<\/strong>&#8221; by Giacomo Puccini<\/em><\/strong><\/em><\/strong><\/i><\/span><\/strong><\/p>\n\n\n\n<div style=\"height:44px\" aria-hidden=\"true\" class=\"wp-block-spacer\"><\/div>\n\n\n\n<p><\/p>\n\n\n\n<p class=\"has-text-align-center\"><strong>Claude-Paul Taffanel (1844-1908)&nbsp;<\/strong><\/p>\n\n\n\n<p class=\"has-text-align-center\"><strong><em><strong><em>Fantaisie on themes from the opera &#8220;Der Freisch\u00fctz&#8221; by Carl Maria von Weber<\/em><\/strong><\/em><\/strong><\/p>\n\n\n\n<div style=\"height:44px\" aria-hidden=\"true\" class=\"wp-block-spacer\"><\/div>\n\n\n\n<p class=\"has-text-align-center\"><strong>Isaac Alb\u00e9niz (1860-1909)\u00a0<\/strong><\/p>\n\n\n\n<p class=\"has-text-align-center\"><strong><em><strong><em><br>Suite espa\u00f1ola, Op. 47: No. 5, Asturias (Leyenda)<\/em><\/strong><\/em><\/strong><\/p>\n\n\n\n<div style=\"height:44px\" aria-hidden=\"true\" class=\"wp-block-spacer\"><\/div>\n\n\n\n<p class=\"has-text-align-center\"><strong><em>Franz Doppler (1821 \u2013 1883), Karl Doppler (1825 \u2013 1900) <\/em><\/strong><\/p>\n\n\n\n<p class=\"has-text-align-center\"><strong><strong><em>Fantaisie on themes from the opera &#8220;Rigoletto&#8221; by Giuseppe Verdi<\/em><\/strong><\/strong><\/p>\n\n\n\n<div style=\"height:43px\" aria-hidden=\"true\" class=\"wp-block-spacer\"><\/div>\n\n\n\n<p class=\"has-text-align-center\"><strong>\u0e18\u0e35\u0e23\u0e31\u0e15\u0e21\u0e4c \u0e40\u0e01\u0e15\u0e38\u0e21\u0e35<\/strong>, \u0e1f\u0e25\u0e39\u0e17<\/p>\n\n\n\n<p class=\"has-text-align-center\"><strong>\u0e2a\u0e19\u0e38\u0e02 \u0e1a\u0e38\u0e19\u0e1b\u0e32\u0e19<\/strong>, \u0e1f\u0e25\u0e39\u0e17<\/p>\n\n\n\n<p class=\"has-text-align-center\"><strong>\u0e2d\u0e38\u0e29\u0e32 \u0e19\u0e20\u0e32\u0e27\u0e23\u0e23\u0e13<\/strong>, \u0e40\u0e1b\u0e35\u0e22\u0e42\u0e19<\/p>\n\n\n\n<hr class=\"wp-block-separator has-css-opacity is-style-wide\"\/>\n\n\n\n<h2 class=\"wp-block-heading has-text-align-left\"><strong>\u0e28\u0e34\u0e25\u0e1b\u0e34\u0e19<\/strong><\/h2>\n\n\n\n<figure class=\"wp-block-image size-large\"><img loading=\"lazy\" decoding=\"async\" width=\"1024\" height=\"683\" src=\"https:\/\/klangkunst.co\/wp-content\/uploads\/2026\/04\/\u0e23\u0e39\u0e1b\u0e40\u0e19\u0e21-1024x683.jpeg\" alt=\"\" class=\"wp-image-3480\" srcset=\"https:\/\/klangkunst.co\/wp-content\/uploads\/2026\/04\/\u0e23\u0e39\u0e1b\u0e40\u0e19\u0e21-1024x683.jpeg 1024w, https:\/\/klangkunst.co\/wp-content\/uploads\/2026\/04\/\u0e23\u0e39\u0e1b\u0e40\u0e19\u0e21-300x200.jpeg 300w, https:\/\/klangkunst.co\/wp-content\/uploads\/2026\/04\/\u0e23\u0e39\u0e1b\u0e40\u0e19\u0e21-768x512.jpeg 768w, https:\/\/klangkunst.co\/wp-content\/uploads\/2026\/04\/\u0e23\u0e39\u0e1b\u0e40\u0e19\u0e21-1536x1024.jpeg 1536w, https:\/\/klangkunst.co\/wp-content\/uploads\/2026\/04\/\u0e23\u0e39\u0e1b\u0e40\u0e19\u0e21-2048x1365.jpeg 2048w, https:\/\/klangkunst.co\/wp-content\/uploads\/2026\/04\/\u0e23\u0e39\u0e1b\u0e40\u0e19\u0e21-18x12.jpeg 18w, https:\/\/klangkunst.co\/wp-content\/uploads\/2026\/04\/\u0e23\u0e39\u0e1b\u0e40\u0e19\u0e21-24x16.jpeg 24w, https:\/\/klangkunst.co\/wp-content\/uploads\/2026\/04\/\u0e23\u0e39\u0e1b\u0e40\u0e19\u0e21-36x24.jpeg 36w, https:\/\/klangkunst.co\/wp-content\/uploads\/2026\/04\/\u0e23\u0e39\u0e1b\u0e40\u0e19\u0e21-120x80.jpeg 120w\" sizes=\"auto, (max-width: 1024px) 100vw, 1024px\" \/><\/figure>\n\n\n\n<div style=\"height:50px\" aria-hidden=\"true\" class=\"wp-block-spacer\"><\/div>\n\n\n\n<h3 class=\"wp-block-heading has-text-align-left\"><strong>\u0e18\u0e35\u0e23\u0e31\u0e15\u0e21\u0e4c \u0e40\u0e01\u0e15\u0e38\u0e21\u0e35<\/strong><\/h3>\n\n\n\n<p><\/p>\n\n\n\n<p>\u0e40\u0e23\u0e34\u0e48\u0e21\u0e15\u0e49\u0e19\u0e40\u0e2a\u0e49\u0e19\u0e17\u0e32\u0e07\u0e14\u0e19\u0e15\u0e23\u0e35\u0e43\u0e19\u0e27\u0e34\u0e0a\u0e32\u0e1f\u0e25\u0e39\u0e15\u0e40\u0e21\u0e37\u0e48\u0e2d\u0e2d\u0e32\u0e22\u0e38 12 \u0e1b\u0e35 \u0e13 \u0e42\u0e23\u0e07\u0e40\u0e23\u0e35\u0e22\u0e19\u0e1e\u0e0d\u0e32\u0e44\u0e17 \u0e41\u0e25\u0e30\u0e40\u0e02\u0e49\u0e32\u0e28\u0e36\u0e01\u0e29\u0e32\u0e15\u0e48\u0e2d\u0e23\u0e30\u0e14\u0e31\u0e1a\u0e21\u0e31\u0e18\u0e22\u0e21\u0e28\u0e36\u0e01\u0e29\u0e32 \u0e13 \u0e42\u0e23\u0e07\u0e40\u0e23\u0e35\u0e22\u0e19\u0e2b\u0e2d\u0e27\u0e31\u0e07 \u0e20\u0e32\u0e22\u0e43\u0e15\u0e49\u0e01\u0e32\u0e23\u0e14\u0e39\u0e41\u0e25\u0e02\u0e2d\u0e07\u0e2d\u0e32\u0e08\u0e32\u0e23\u0e22\u0e4c\u0e1b\u0e23\u0e30\u0e22\u0e38\u0e17\u0e18 \u0e0a\u0e32\u0e0d\u0e2d\u0e31\u0e01\u0e29\u0e23 \u0e41\u0e25\u0e30\u0e44\u0e14\u0e49\u0e28\u0e36\u0e01\u0e29\u0e32\u0e01\u0e31\u0e1a\u0e2d\u0e32\u0e08\u0e32\u0e23\u0e22\u0e4c\u0e0a\u0e19\u0e30\u0e28\u0e31\u0e01\u0e14\u0e34\u0e4c \u0e27\u0e07\u0e29\u0e4c\u0e27\u0e35\u0e23\u0e30\u0e27\u0e34\u0e19\u0e34\u0e08 \u0e08\u0e32\u0e01\u0e19\u0e31\u0e49\u0e19\u0e44\u0e14\u0e49\u0e2a\u0e33\u0e40\u0e23\u0e47\u0e08\u0e01\u0e32\u0e23\u0e28\u0e36\u0e01\u0e29\u0e32\u0e23\u0e30\u0e14\u0e31\u0e1a\u0e1b\u0e23\u0e34\u0e0d\u0e0d\u0e32\u0e15\u0e23\u0e35\u0e08\u0e32\u0e01\u0e2a\u0e32\u0e02\u0e32\u0e14\u0e19\u0e15\u0e23\u0e35\u0e28\u0e36\u0e01\u0e29\u0e32 \u0e04\u0e13\u0e30\u0e04\u0e23\u0e38\u0e28\u0e32\u0e2a\u0e15\u0e23\u0e4c \u0e08\u0e38\u0e2c\u0e32\u0e25\u0e07\u0e01\u0e23\u0e13\u0e4c\u0e21\u0e2b\u0e32\u0e27\u0e34\u0e17\u0e22\u0e32\u0e25\u0e31\u0e22 \u0e42\u0e14\u0e22\u0e28\u0e36\u0e01\u0e29\u0e32\u0e01\u0e31\u0e1a\u0e2d\u0e32\u0e08\u0e32\u0e23\u0e22\u0e4c\u0e2a\u0e31\u0e13\u0e2b\u0e4c\u0e0a\u0e35\u0e1e \u0e27\u0e34\u0e17\u0e22\u0e19\u0e04\u0e23 \u0e15\u0e25\u0e2d\u0e14\u0e23\u0e30\u0e22\u0e30\u0e40\u0e27\u0e25\u0e32\u0e02\u0e2d\u0e07\u0e01\u0e32\u0e23\u0e1e\u0e31\u0e12\u0e19\u0e32\u0e17\u0e31\u0e01\u0e29\u0e30 \u0e18\u0e35\u0e23\u0e31\u0e15\u0e21\u0e4c\u0e44\u0e14\u0e49\u0e21\u0e35\u0e42\u0e2d\u0e01\u0e32\u0e2a\u0e40\u0e02\u0e49\u0e32\u0e23\u0e48\u0e27\u0e21\u0e21\u0e32\u0e2a\u0e40\u0e15\u0e2d\u0e23\u0e4c\u0e04\u0e25\u0e32\u0e2a\u0e01\u0e31\u0e1a\u0e28\u0e34\u0e25\u0e1b\u0e34\u0e19\u0e1f\u0e25\u0e39\u0e15\u0e23\u0e30\u0e14\u0e31\u0e1a\u0e42\u0e25\u0e01\u0e21\u0e32\u0e01\u0e21\u0e32\u0e22 \u0e2d\u0e32\u0e17\u0e34 Michel Moragues, Robert Aiken, Sarah Newbold, Philipp Jundt, Krzysztof Maciej Kaczka, Julien Beaudiment, Paola Bonora, Gianni Biocotino \u0e41\u0e25\u0e30 Wally Hase&nbsp;<\/p>\n\n\n\n<p>\u0e19\u0e2d\u0e01\u0e08\u0e32\u0e01\u0e19\u0e35\u0e49 \u0e40\u0e02\u0e32\u0e22\u0e31\u0e07\u0e44\u0e14\u0e49\u0e23\u0e31\u0e23\u0e32\u0e07\u0e27\u0e31\u0e25\u0e43\u0e19\u0e23\u0e30\u0e14\u0e31\u0e1a\u0e0a\u0e32\u0e15\u0e34\u0e41\u0e25\u0e30\u0e23\u0e30\u0e14\u0e31\u0e1a\u0e19\u0e32\u0e19\u0e32\u0e0a\u0e32\u0e15\u0e34\u0e1c\u0e48\u0e32\u0e19\u0e01\u0e32\u0e23\u0e41\u0e02\u0e48\u0e07\u0e02\u0e31\u0e19\u0e15\u0e48\u0e32\u0e07\u0e46 \u0e2d\u0e32\u0e17\u0e34 \u0e23\u0e32\u0e07\u0e27\u0e31\u0e25\u0e40\u0e2b\u0e23\u0e35\u0e22\u0e0d\u0e17\u0e2d\u0e07 (Gold Prize) \u0e1b\u0e23\u0e30\u0e40\u0e20\u0e17 Ensemble 18th Japan Flute Convention (2560), \u0e23\u0e32\u0e07\u0e27\u0e31\u0e25\u0e0a\u0e19\u0e30\u0e40\u0e25\u0e34\u0e28\u0e01\u0e32\u0e23\u0e41\u0e02\u0e48\u0e07\u0e02\u0e31\u0e19 Pro Musica Junior Flute &amp; Piccolo Competition (2559) \u0e41\u0e25\u0e30\u0e40\u0e02\u0e49\u0e32\u0e23\u0e2d\u0e1a\u0e2a\u0e38\u0e14\u0e17\u0e49\u0e32\u0e22\u0e01\u0e32\u0e23\u0e41\u0e02\u0e48\u0e07\u0e02\u0e31\u0e19 Osaka International Music Competition (2556) \u0e1b\u0e23\u0e30\u0e40\u0e20\u0e17 Ensemble<\/p>\n\n\n\n<p>\u0e18\u0e35\u0e23\u0e31\u0e15\u0e21\u0e4c\u0e40\u0e1b\u0e47\u0e19\u0e19\u0e31\u0e01\u0e14\u0e19\u0e15\u0e23\u0e35\u0e17\u0e35\u0e48\u0e21\u0e35\u0e04\u0e27\u0e32\u0e21\u0e2a\u0e32\u0e21\u0e32\u0e23\u0e16\u0e2b\u0e25\u0e32\u0e01\u0e2b\u0e25\u0e32\u0e22 \u0e42\u0e14\u0e22\u0e21\u0e35\u0e1b\u0e23\u0e30\u0e2a\u0e1a\u0e01\u0e32\u0e23\u0e13\u0e4c\u0e04\u0e23\u0e2d\u0e1a\u0e04\u0e25\u0e38\u0e21\u0e17\u0e31\u0e49\u0e07\u0e1a\u0e17\u0e40\u0e1e\u0e25\u0e07\u0e04\u0e25\u0e32\u0e2a\u0e2a\u0e34\u0e01, \u0e42\u0e2d\u0e40\u0e1b\u0e23\u0e48\u0e32, \u0e1a\u0e31\u0e25\u0e40\u0e25\u0e15\u0e4c, \u0e21\u0e34\u0e27\u0e2a\u0e34\u0e04\u0e31\u0e25 \u0e23\u0e27\u0e21\u0e16\u0e36\u0e07\u0e42\u0e1b\u0e23\u0e14\u0e31\u0e01\u0e0a\u0e31\u0e48\u0e19\u0e40\u0e1e\u0e25\u0e07\u0e1b\u0e4a\u0e2d\u0e1b \u0e40\u0e02\u0e32\u0e40\u0e04\u0e22\u0e23\u0e48\u0e27\u0e21\u0e1a\u0e23\u0e23\u0e40\u0e25\u0e07\u0e01\u0e31\u0e1a\u0e27\u0e07\u0e2d\u0e2d\u0e23\u0e4c\u0e40\u0e04\u0e2a\u0e15\u0e23\u0e32\u0e0a\u0e31\u0e49\u0e19\u0e19\u0e33\u0e21\u0e32\u0e01\u0e21\u0e32\u0e22 \u0e2d\u0e32\u0e17\u0e34 Asian Youth Orchestra (AYO), Siam Philharmonic Orchestra (SPO), Princess Galyani Vadhana Institude of Music Youth Orchestra, Siam Sinfonietta \u0e19\u0e2d\u0e01\u0e08\u0e32\u0e01\u0e19\u0e35\u0e49\u0e22\u0e31\u0e07\u0e44\u0e14\u0e49\u0e23\u0e48\u0e27\u0e21\u0e1a\u0e23\u0e23\u0e40\u0e25\u0e07\u0e01\u0e31\u0e1a\u0e27\u0e07 Tokyo Symphony Orchestra (TSO) \u0e43\u0e19\u0e04\u0e2d\u0e19\u0e40\u0e2a\u0e34\u0e23\u0e4c\u0e15\u0e40\u0e0a\u0e37\u0e48\u0e2d\u0e21\u0e2a\u0e31\u0e21\u0e1e\u0e31\u0e19\u0e18\u0e44\u0e21\u0e15\u0e23\u0e35 RBSO &amp; TSO Friendship Concert<\/p>\n\n\n\n<p>\u0e1b\u0e31\u0e08\u0e08\u0e38\u0e1a\u0e31\u0e19 \u0e18\u0e35\u0e23\u0e31\u0e15\u0e21\u0e4c \u0e14\u0e33\u0e23\u0e07\u0e15\u0e33\u0e41\u0e2b\u0e19\u0e48\u0e07\u0e2b\u0e31\u0e27\u0e2b\u0e19\u0e49\u0e32\u0e01\u0e25\u0e38\u0e48\u0e21\u0e1f\u0e25\u0e39\u0e15\u0e02\u0e2d\u0e07\u0e27\u0e07 Royal Bangkok Symphony Orchestra (RBSO) \u0e41\u0e25\u0e30\u0e40\u0e1b\u0e47\u0e19\u0e2a\u0e21\u0e32\u0e0a\u0e34\u0e01\u0e02\u0e2d\u0e07 National Symphony Orchestra of Thailand (NSO) \u0e14\u0e49\u0e32\u0e19\u0e1a\u0e17\u0e1a\u0e32\u0e17\u0e01\u0e32\u0e23\u0e2a\u0e2d\u0e19 \u0e40\u0e02\u0e32\u0e40\u0e1b\u0e47\u0e19\u0e2d\u0e32\u0e08\u0e32\u0e23\u0e22\u0e4c\u0e1c\u0e39\u0e49\u0e40\u0e0a\u0e35\u0e48\u0e22\u0e27\u0e0a\u0e32\u0e0d\u0e14\u0e49\u0e32\u0e19\u0e1f\u0e25\u0e39\u0e15\u0e1b\u0e23\u0e30\u0e08\u0e33\u0e27\u0e07 Thai Youth Orchestra (TYO) \u0e23\u0e27\u0e21\u0e16\u0e36\u0e07\u0e1b\u0e0f\u0e34\u0e1a\u0e31\u0e15\u0e34\u0e2b\u0e19\u0e49\u0e32\u0e17\u0e35\u0e48\u0e2d\u0e32\u0e08\u0e32\u0e23\u0e22\u0e4c\u0e2a\u0e2d\u0e19\u0e1f\u0e25\u0e39\u0e15 \u0e13 \u0e42\u0e23\u0e07\u0e40\u0e23\u0e35\u0e22\u0e19\u0e2b\u0e2d\u0e27\u0e31\u0e07 \u0e41\u0e25\u0e30 \u0e42\u0e23\u0e07\u0e40\u0e23\u0e35\u0e22\u0e19\u0e19\u0e32\u0e19\u0e32\u0e0a\u0e32\u0e15\u0e34\u0e40\u0e0b\u0e19\u0e15\u0e4c\u0e41\u0e2d\u0e19\u0e14\u0e23\u0e39\u0e27\u0e4c\u0e2a<\/p>\n\n\n\n<hr class=\"wp-block-separator has-alpha-channel-opacity\"\/>\n\n\n\n<figure class=\"wp-block-image size-large\"><img loading=\"lazy\" decoding=\"async\" width=\"1024\" height=\"695\" src=\"https:\/\/klangkunst.co\/wp-content\/uploads\/2024\/08\/Sanook-Boonpan-1024x695.jpg\" alt=\"\" class=\"wp-image-3046\" srcset=\"https:\/\/klangkunst.co\/wp-content\/uploads\/2024\/08\/Sanook-Boonpan-1024x695.jpg 1024w, https:\/\/klangkunst.co\/wp-content\/uploads\/2024\/08\/Sanook-Boonpan-300x203.jpg 300w, https:\/\/klangkunst.co\/wp-content\/uploads\/2024\/08\/Sanook-Boonpan-768x521.jpg 768w, https:\/\/klangkunst.co\/wp-content\/uploads\/2024\/08\/Sanook-Boonpan-1536x1042.jpg 1536w, https:\/\/klangkunst.co\/wp-content\/uploads\/2024\/08\/Sanook-Boonpan-2048x1389.jpg 2048w, https:\/\/klangkunst.co\/wp-content\/uploads\/2024\/08\/Sanook-Boonpan-18x12.jpg 18w, https:\/\/klangkunst.co\/wp-content\/uploads\/2024\/08\/Sanook-Boonpan-24x16.jpg 24w, https:\/\/klangkunst.co\/wp-content\/uploads\/2024\/08\/Sanook-Boonpan-36x24.jpg 36w, https:\/\/klangkunst.co\/wp-content\/uploads\/2024\/08\/Sanook-Boonpan-120x81.jpg 120w\" sizes=\"auto, (max-width: 1024px) 100vw, 1024px\" \/><\/figure>\n\n\n\n<div style=\"height:50px\" aria-hidden=\"true\" class=\"wp-block-spacer\"><\/div>\n\n\n\n<h3 class=\"wp-block-heading has-text-align-left\"><strong>\u0e2a\u0e19\u0e38\u0e02 \u0e1a\u0e38\u0e19\u0e1b\u0e32\u0e19<\/strong><\/h3>\n\n\n\n<p><\/p>\n\n\n\n<p>\u0e2a\u0e19\u0e38\u0e02 \u0e1a\u0e38\u0e19\u0e1b\u0e32\u0e19 \u0e08\u0e1a\u0e01\u0e32\u0e23\u0e28\u0e36\u0e01\u0e29\u0e32\u0e14\u0e49\u0e27\u0e22\u0e04\u0e30\u0e41\u0e19\u0e19\u0e2a\u0e39\u0e07\u0e2a\u0e38\u0e14\u0e08\u0e32\u0e01\u0e21\u0e2b\u0e32\u0e27\u0e34\u0e17\u0e22\u0e32\u0e25\u0e31\u0e22\u0e14\u0e19\u0e15\u0e23\u0e35\u0e41\u0e25\u0e30\u0e28\u0e34\u0e25\u0e1b\u0e30\u0e0a\u0e31\u0e49\u0e19\u0e19\u0e33\u0e23\u0e30\u0e14\u0e31\u0e1a\u0e42\u0e25\u0e01\u0e02\u0e2d\u0e07\u0e1b\u0e23\u0e30\u0e40\u0e17\u0e28\u0e40\u0e22\u0e2d\u0e23\u0e21\u0e19\u0e35\u0e2d\u0e22\u0e48\u0e32\u0e07 Folkwang University of Arts \u0e20\u0e32\u0e22\u0e43\u0e15\u0e49\u0e01\u0e32\u0e23\u0e2a\u0e2d\u0e19\u0e02\u0e2d\u0e07\u0e19\u0e31\u0e01\u0e1f\u0e25\u0e39\u0e49\u0e15\u0e0a\u0e37\u0e48\u0e2d\u0e14\u0e31\u0e07\u0e2d\u0e22\u0e48\u0e32\u0e07 Prof. Anne-Catherine Heinzmann \u0e41\u0e25\u0e30 Musikhoschule L\u00fcbeck \u0e20\u0e32\u0e22\u0e43\u0e15\u0e49\u0e01\u0e32\u0e23\u0e2a\u0e2d\u0e19\u0e02\u0e2d\u0e07 Prof.Angela Firkins \u0e19\u0e2d\u0e01\u0e40\u0e2b\u0e19\u0e37\u0e2d\u0e08\u0e32\u0e01\u0e19\u0e31\u0e49\u0e19 \u0e2a\u0e19\u0e38\u0e02 \u0e22\u0e31\u0e07\u0e44\u0e14\u0e49\u0e21\u0e35\u0e42\u0e2d\u0e01\u0e32\u0e2a\u0e40\u0e23\u0e35\u0e22\u0e19\u0e01\u0e31\u0e1a\u0e19\u0e31\u0e01\u0e1f\u0e25\u0e39\u0e17\u0e41\u0e25\u0e30\u0e1b\u0e34\u0e04\u0e42\u0e04\u0e42\u0e25\u0e23\u0e30\u0e14\u0e31\u0e1a\u0e42\u0e25\u0e01\u0e21\u0e32\u0e01\u0e21\u0e32\u0e22 \u0e2d\u0e32\u0e17\u0e34 Wally Hase, Emmanuel Pahud, Daniela Koch, Alja Velkaverh, Petri Alanko, Sarah Louvion, Giovanni Gandolfo , Henrik Wiese, Roz\u00e1lia\u00a0Szab\u00f3 Birgit Schwab, Mareile Harberland, Benjamin Plag,  \u0e41\u0e25\u0e30 Claudia Stein \u0e40\u0e1b\u0e47\u0e19\u0e15\u0e49\u0e19 <\/p>\n\n\n\n<p>\u0e2a\u0e19\u0e38\u0e02 \u0e1a\u0e38\u0e19\u0e1b\u0e32\u0e19 \u0e40\u0e23\u0e34\u0e48\u0e21\u0e40\u0e23\u0e35\u0e22\u0e19\u0e1f\u0e25\u0e39\u0e17\u0e15\u0e2d\u0e19\u0e2d\u0e32\u0e22\u0e38 8 \u0e1b\u0e35 \u0e01\u0e31\u0e1a\u0e19\u0e32\u0e22 \u0e2a\u0e34\u0e19\u0e34\u0e29\u0e10\u0e4c \u0e17\u0e2d\u0e07\u0e40\u0e08\u0e23\u0e34\u0e0d\u0e25\u0e32\u0e20 \u0e17\u0e35\u0e48\u0e42\u0e23\u0e07\u0e40\u0e23\u0e35\u0e22\u0e19\u0e40\u0e2d\u0e37\u0e49\u0e2d\u0e21\u0e2d\u0e32\u0e23\u0e35\u0e22\u0e4c \u0e2b\u0e25\u0e31\u0e07\u0e08\u0e32\u0e01\u0e19\u0e31\u0e49\u0e19\u0e44\u0e14\u0e49\u0e40\u0e02\u0e49\u0e32\u0e28\u0e36\u0e01\u0e29\u0e32\u0e15\u0e48\u0e2d\u0e17\u0e35\u0e48 Young Artist Music Program \u0e27\u0e34\u0e17\u0e22\u0e32\u0e25\u0e31\u0e22\u0e14\u0e38\u0e23\u0e34\u0e22\u0e32\u0e07\u0e04\u0e28\u0e34\u0e25\u0e1b\u0e4c \u0e21\u0e2b\u0e32\u0e27\u0e34\u0e17\u0e22\u0e32\u0e25\u0e31\u0e22\u0e21\u0e2b\u0e34\u0e14\u0e25 \u0e42\u0e14\u0e22\u0e28\u0e36\u0e01\u0e29\u0e32\u0e01\u0e31\u0e1a\u0e2d\u0e32\u0e08\u0e32\u0e23\u0e22\u0e4c Agrita Lakute \u0e41\u0e25\u0e30 \u0e2d\u0e32\u0e08\u0e32\u0e23\u0e22\u0e4c  Hiroshi Matsushima \u0e20\u0e32\u0e22\u0e2b\u0e25\u0e31\u0e07 \u0e2a\u0e19\u0e38\u0e02 \u0e44\u0e14\u0e49\u0e40\u0e02\u0e49\u0e32\u0e28\u0e36\u0e01\u0e29\u0e32\u0e15\u0e48\u0e2d\u0e23\u0e30\u0e14\u0e31\u0e1a\u0e0a\u0e31\u0e49\u0e19\u0e1b\u0e23\u0e34\u0e0d\u0e0d\u0e32\u0e15\u0e23\u0e35\u0e17\u0e35\u0e48 \u0e27\u0e34\u0e17\u0e22\u0e32\u0e25\u0e31\u0e22\u0e14\u0e38\u0e23\u0e34\u0e22\u0e32\u0e07\u0e04\u0e28\u0e34\u0e25\u0e1b\u0e4c \u0e21\u0e2b\u0e32\u0e27\u0e34\u0e17\u0e22\u0e32\u0e25\u0e31\u0e22\u0e21\u0e2b\u0e34\u0e14\u0e25 \u0e01\u0e31\u0e1a\u0e2d\u0e32\u0e08\u0e32\u0e23\u0e22\u0e4c Hiroshi Matsushima \u0e41\u0e25\u0e30 \u0e2d\u0e32\u0e08\u0e32\u0e23\u0e22\u0e4c  Yu-Jin Jung <\/p>\n\n\n\n<p>\u0e2a\u0e19\u0e38\u0e02\u0e44\u0e14\u0e49\u0e21\u0e35\u0e42\u0e2d\u0e01\u0e32\u0e2a\u0e23\u0e48\u0e27\u0e21\u0e1a\u0e23\u0e23\u0e40\u0e25\u0e07\u0e01\u0e31\u0e1a\u0e27\u0e07\u0e2d\u0e2d\u0e23\u0e4c\u0e40\u0e04\u0e2a\u0e15\u0e23\u0e49\u0e32\u0e0a\u0e31\u0e49\u0e19\u0e19\u0e33\u0e21\u0e32\u0e01\u0e21\u0e32\u0e22 \u0e2d\u0e32\u0e17\u0e34 G\u00fcrzenich Orchester K\u00f6ln, Frankfurter Opern- und Museumsorchester, Philharmoniches Orchester des Hansestadt L\u00fcbeck, Symphoniker Hamburg, Chamber Orchestra of Villa Musica, Junge Norddeutsche Philharmonie, STEGREIF Orchester, Royal Bangkok Symphony Orchestra \u0e41\u0e25\u0e30 Thailand Philharmonic Orchestra \u0e20\u0e32\u0e22\u0e43\u0e15\u0e49\u0e01\u0e32\u0e23\u0e2d\u0e33\u0e19\u0e27\u0e22\u0e01\u0e32\u0e23\u0e02\u0e2d\u0e07\u0e27\u0e32\u0e17\u0e22\u0e32\u0e01\u0e23\u0e0a\u0e37\u0e48\u0e2d\u0e14\u0e31\u0e07\u0e2d\u0e22\u0e48\u0e32\u0e07 Francois-Xavier Roth, Ton Koopman, Marc Albrecht, Markus Stenz, Karl-Heinz Steffens \u0e41\u0e25\u0e30 Andreas Spering <br><\/p>\n\n\n\n<p class=\"has-text-align-left\">\u0e43\u0e19\u0e10\u0e32\u0e19\u0e30\u0e19\u0e31\u0e01\u0e14\u0e19\u0e15\u0e23\u0e35\u0e41\u0e0a\u0e21\u0e40\u0e1a\u0e2d\u0e23\u0e4c \u0e2a\u0e19\u0e38\u0e02 \u0e44\u0e14\u0e49\u0e23\u0e48\u0e27\u0e21\u0e07\u0e32\u0e19\u0e01\u0e31\u0e1a\u0e19\u0e31\u0e01\u0e14\u0e19\u0e15\u0e23\u0e35\u0e17\u0e35\u0e48\u0e21\u0e35\u0e0a\u0e37\u0e48\u0e2d\u0e40\u0e2a\u0e35\u0e22\u0e07\u0e21\u0e32\u0e01\u0e21\u0e32\u0e22 \u0e2d\u0e32\u0e17\u0e34 Sabine Meyer, Diethelm Jonas, Christoph E\u00df, Reine Wehle, Rico Gubler, Ariadne Daskalakis, Xenia Jankovic, Raph van Daal, Malte Refardt \u0e41\u0e25\u0e30 Alexander H\u00fclshoff<\/p>\n\n\n\n<hr class=\"wp-block-separator has-css-opacity is-style-wide\"\/>\n\n\n\n<figure class=\"wp-block-image size-large\"><img loading=\"lazy\" decoding=\"async\" width=\"684\" height=\"1024\" src=\"https:\/\/klangkunst.co\/wp-content\/uploads\/2024\/01\/1705666637358-684x1024.jpg\" alt=\"\" class=\"wp-image-2888\" srcset=\"https:\/\/klangkunst.co\/wp-content\/uploads\/2024\/01\/1705666637358-684x1024.jpg 684w, https:\/\/klangkunst.co\/wp-content\/uploads\/2024\/01\/1705666637358-200x300.jpg 200w, https:\/\/klangkunst.co\/wp-content\/uploads\/2024\/01\/1705666637358-768x1150.jpg 768w, https:\/\/klangkunst.co\/wp-content\/uploads\/2024\/01\/1705666637358-1025x1536.jpg 1025w, https:\/\/klangkunst.co\/wp-content\/uploads\/2024\/01\/1705666637358-1367x2048.jpg 1367w, https:\/\/klangkunst.co\/wp-content\/uploads\/2024\/01\/1705666637358-8x12.jpg 8w, https:\/\/klangkunst.co\/wp-content\/uploads\/2024\/01\/1705666637358-16x24.jpg 16w, https:\/\/klangkunst.co\/wp-content\/uploads\/2024\/01\/1705666637358-24x36.jpg 24w, https:\/\/klangkunst.co\/wp-content\/uploads\/2024\/01\/1705666637358-67x100.jpg 67w, https:\/\/klangkunst.co\/wp-content\/uploads\/2024\/01\/1705666637358-scaled.jpg 1709w\" sizes=\"auto, (max-width: 684px) 100vw, 684px\" \/><\/figure>\n\n\n\n<div style=\"height:50px\" aria-hidden=\"true\" class=\"wp-block-spacer\"><\/div>\n\n\n\n<h3 class=\"wp-block-heading has-text-align-left\"><strong>\u0e2d\u0e38\u0e29\u0e32 \u0e19\u0e20\u0e32\u0e27\u0e23\u0e23\u0e13<\/strong><\/h3>\n\n\n\n<p>\u0e2a\u0e33\u0e40\u0e23\u0e47\u0e08\u0e01\u0e32\u0e23\u0e28\u0e36\u0e01\u0e29\u0e32\u0e23\u0e31\u0e10\u0e28\u0e32\u0e2a\u0e15\u0e23\u0e1a\u0e31\u0e13\u0e11\u0e34\u0e15 (\u0e2a\u0e32\u0e02\u0e32\u0e04\u0e27\u0e32\u0e21\u0e2a\u0e31\u0e21\u0e1e\u0e31\u0e19\u0e18\u0e4c\u0e23\u0e30\u0e2b\u0e27\u0e48\u0e32\u0e07\u0e1b\u0e23\u0e30\u0e40\u0e17\u0e28) \u0e08\u0e38\u0e2c\u0e32\u0e25\u0e07\u0e01\u0e23\u0e13\u0e4c\u0e21\u0e2b\u0e32\u0e27\u0e34\u0e17\u0e22\u0e32\u0e25\u0e31\u0e22 \u0e41\u0e25\u0e30 \u0e28\u0e34\u0e25\u0e1b\u0e28\u0e32\u0e2a\u0e15\u0e23\u0e21\u0e2b\u0e32\u0e1a\u0e31\u0e13\u0e11\u0e34\u0e15 (\u0e2a\u0e32\u0e02\u0e32\u0e14\u0e19\u0e15\u0e23\u0e35\u0e1b\u0e0f\u0e34\u0e1a\u0e31\u0e15\u0e34) \u0e27\u0e34\u0e17\u0e22\u0e32\u0e25\u0e31\u0e22\u0e14\u0e38\u0e23\u0e34\u0e22\u0e32\u0e07\u0e04\u0e28\u0e34\u0e25\u0e1b\u0e4c \u0e21\u0e2b\u0e32\u0e27\u0e34\u0e17\u0e22\u0e32\u0e25\u0e31\u0e22\u0e21\u0e2b\u0e34\u0e14\u0e25 \u0e42\u0e14\u0e22\u0e40\u0e23\u0e35\u0e22\u0e19\u0e40\u0e1b\u0e35\u0e22\u0e42\u0e19\u0e01\u0e31\u0e1a \u0e1c\u0e28.\u0e14\u0e23.\u0e19\u0e20\u0e19\u0e31\u0e19\u0e17\u0e4c \u0e08\u0e31\u0e19\u0e17\u0e23\u0e2d\u0e23\u0e17\u0e31\u0e22\u0e01\u0e38\u0e25<\/p>\n\n\n\n<p>\u0e40\u0e18\u0e2d\u0e44\u0e14\u0e49\u0e23\u0e48\u0e27\u0e21\u0e07\u0e32\u0e19\u0e01\u0e31\u0e1a\u0e42\u0e04\u0e23\u0e07\u0e01\u0e32\u0e23\u0e2d\u0e1a\u0e23\u0e21\u0e40\u0e0a\u0e34\u0e07\u0e1b\u0e0f\u0e34\u0e1a\u0e31\u0e15\u0e34\u0e01\u0e32\u0e23 Pro Musica International Vocal and Collaborative Piano Masterclasses \u0e20\u0e32\u0e22\u0e43\u0e15\u0e49\u0e01\u0e32\u0e23\u0e14\u0e39\u0e41\u0e25\u0e02\u0e2d\u0e07\u0e42\u0e04\u0e49\u0e0a\u0e14\u0e49\u0e32\u0e19\u0e01\u0e32\u0e23\u0e02\u0e31\u0e1a\u0e23\u0e49\u0e2d\u0e07\u0e1c\u0e39\u0e49\u0e21\u0e35\u0e0a\u0e37\u0e48\u0e2d\u0e40\u0e2a\u0e35\u0e22\u0e07 \u0e42\u0e25 \u0e0b\u0e35\u0e27\u0e4c \u0e15\u0e27\u0e19 (Loh Siew Tuan)\n\u0e23\u0e30\u0e2b\u0e27\u0e48\u0e32\u0e07\u0e1b\u0e35 \u0e1e.\u0e28. 2551 \u0e16\u0e36\u0e07 2556 \u0e40\u0e18\u0e2d\u0e44\u0e14\u0e49\u0e17\u0e33\u0e07\u0e32\u0e19\u0e2d\u0e22\u0e48\u0e32\u0e07\u0e43\u0e01\u0e25\u0e49\u0e0a\u0e34\u0e14\u0e01\u0e31\u0e1a\u0e04\u0e38\u0e13\u0e42\u0e25 \u0e0b\u0e35\u0e27\u0e4c \u0e15\u0e27\u0e19 \u0e41\u0e25\u0e30\u0e44\u0e2e\u0e19\u0e4c \u0e42\u0e1a\u0e17\u0e40\u0e17\u0e2d\u0e23\u0e4c\u0e41\u0e1a\u0e23\u0e4c\u0e01 (Hein Boterberg) \u0e19\u0e31\u0e01\u0e40\u0e1b\u0e35\u0e22\u0e42\u0e19\u0e23\u0e48\u0e27\u0e21\u0e1a\u0e23\u0e23\u0e40\u0e25\u0e07\u0e0a\u0e37\u0e48\u0e2d\u0e14\u0e31\u0e07 \u0e43\u0e19\u0e01\u0e32\u0e23\u0e2d\u0e1a\u0e23\u0e21\u0e40\u0e0a\u0e34\u0e07\u0e1b\u0e0f\u0e34\u0e1a\u0e31\u0e15\u0e34\u0e01\u0e32\u0e23\u0e17\u0e35\u0e48\u0e08\u0e31\u0e14\u0e02\u0e36\u0e49\u0e19\u0e43\u0e19\u0e1b\u0e23\u0e30\u0e40\u0e17\u0e28\u0e44\u0e17\u0e22\u0e41\u0e25\u0e30\u0e21\u0e32\u0e40\u0e25\u0e40\u0e0b\u0e35\u0e22 \u0e42\u0e14\u0e22\u0e40\u0e1b\u0e47\u0e19\u0e04\u0e27\u0e32\u0e21\u0e23\u0e48\u0e27\u0e21\u0e21\u0e37\u0e2d\u0e01\u0e31\u0e1a Opera Studio Vlaanderen (\u0e1b\u0e23\u0e30\u0e40\u0e17\u0e28\u0e40\u0e1a\u0e25\u0e40\u0e22\u0e35\u0e22\u0e21)<\/p>\n\n\n\n<p>\u0e1b\u0e31\u0e08\u0e08\u0e38\u0e1a\u0e31\u0e19\u0e40\u0e1b\u0e47\u0e19\u0e2d\u0e32\u0e08\u0e32\u0e23\u0e22\u0e4c\u0e1e\u0e34\u0e40\u0e28\u0e29\u0e17\u0e35\u0e48 \u0e2a\u0e16\u0e32\u0e1a\u0e31\u0e19\u0e14\u0e19\u0e15\u0e23\u0e35\u0e01\u0e31\u0e25\u0e22\u0e32\u0e19\u0e34\u0e27\u0e31\u0e12\u0e19\u0e32 \u0e41\u0e25\u0e30\u0e42\u0e23\u0e07\u0e40\u0e23\u0e35\u0e22\u0e19\u0e19\u0e32\u0e19\u0e32\u0e0a\u0e32\u0e15\u0e34 NIST, Harrow, \u0e41\u0e25\u0e30 Shrewsbury<\/p>\n\n\n\n<hr class=\"wp-block-separator has-css-opacity is-style-wide\"\/>","protected":false},"excerpt":{"rendered":"<p>2nd May 2026 19.00 3rd Floor, Main Showroom, Peterson Sukhumvit 26 https:\/\/maps.app.goo.gl\/1hj4BXUXKE3FcfqP9 Tickets 800 Baht \/ Student with ID: 350 Baht For inquiries and reservations, please contact :&nbsp; info.klangkunst@gmail.com or https:\/\/lin.ee\/cx7AqzU What happens when opera leaves the stage\u2026 and begins to dream? Operatic Reveries transforms beloved operas into intimate, shimmering fantasies for flute(s) and piano\u2014where [&hellip;]<\/p>","protected":false},"author":5,"featured_media":3478,"comment_status":"open","ping_status":"open","sticky":false,"template":"","format":"standard","meta":{"_coblocks_attr":"","_coblocks_dimensions":"","_coblocks_responsive_height":"","_coblocks_accordion_ie_support":"","footnotes":""},"categories":[28,8],"tags":[],"class_list":["post-3477","post","type-post","status-publish","format-standard","has-post-thumbnail","hentry","category-concert","category-event"],"_links":{"self":[{"href":"https:\/\/klangkunst.co\/th\/wp-json\/wp\/v2\/posts\/3477","targetHints":{"allow":["GET"]}}],"collection":[{"href":"https:\/\/klangkunst.co\/th\/wp-json\/wp\/v2\/posts"}],"about":[{"href":"https:\/\/klangkunst.co\/th\/wp-json\/wp\/v2\/types\/post"}],"author":[{"embeddable":true,"href":"https:\/\/klangkunst.co\/th\/wp-json\/wp\/v2\/users\/5"}],"replies":[{"embeddable":true,"href":"https:\/\/klangkunst.co\/th\/wp-json\/wp\/v2\/comments?post=3477"}],"version-history":[{"count":3,"href":"https:\/\/klangkunst.co\/th\/wp-json\/wp\/v2\/posts\/3477\/revisions"}],"predecessor-version":[{"id":3487,"href":"https:\/\/klangkunst.co\/th\/wp-json\/wp\/v2\/posts\/3477\/revisions\/3487"}],"wp:featuredmedia":[{"embeddable":true,"href":"https:\/\/klangkunst.co\/th\/wp-json\/wp\/v2\/media\/3478"}],"wp:attachment":[{"href":"https:\/\/klangkunst.co\/th\/wp-json\/wp\/v2\/media?parent=3477"}],"wp:term":[{"taxonomy":"category","embeddable":true,"href":"https:\/\/klangkunst.co\/th\/wp-json\/wp\/v2\/categories?post=3477"},{"taxonomy":"post_tag","embeddable":true,"href":"https:\/\/klangkunst.co\/th\/wp-json\/wp\/v2\/tags?post=3477"}],"curies":[{"name":"wp","href":"https:\/\/api.w.org\/{rel}","templated":true}]}}